{"id":715,"date":"2008-09-05T13:27:40","date_gmt":"2008-09-05T12:27:40","guid":{"rendered":"http:\/\/www.rekordtv.com\/blog\/?p=715"},"modified":"2008-09-05T13:27:40","modified_gmt":"2008-09-05T12:27:40","slug":"der-ostsee","status":"publish","type":"post","link":"http:\/\/barnepeters.de\/?p=715","title":{"rendered":"Klaas Voget in &#8222;der Ostsee&#8220;"},"content":{"rendered":"<p>Zum wiederholten Male machten sich Klaas Voget, Henning Nockel und Barne Peters auf in die D\u00e4nische Ostsee, diesmal hatten sie mehr Gl\u00fcck: 6-7 Windst\u00e4rken, bis zu 2,5 Meter Welle und 18 Minuten Sonnenschein. Optimale Bedingungen f\u00fcr Klaas, sich f\u00fcr den Worlldcup Sylt vorzubereiten.<\/p>\n<p><object width=\"587\" height=\"333\" data=\"http:\/\/vimeo.com\/moogaloop.swf?clip_id=3039105&amp;server=vimeo.com&amp;show_title=1&amp;show_byline=1&amp;show_portrait=0&amp;color=ffffff&amp;fullscreen=1\" type=\"application\/x-shockwave-flash\"><param name=\"allowfullscreen\" value=\"true\" \/><param name=\"allowscriptaccess\" value=\"always\" \/><param name=\"src\" value=\"http:\/\/vimeo.com\/moogaloop.swf?clip_id=3039105&amp;server=vimeo.com&amp;show_title=1&amp;show_byline=1&amp;show_portrait=0&amp;color=ffffff&amp;fullscreen=1\" \/><\/object><\/p>\n<p>Windsurfer:\u00a0<a title=\"Klaas Voget Website\" href=\"http:\/\/klaasvoget.com\/\" target=\"_blank\">Klaas Voget<\/a><br \/>\nKamera und Schnitt: Barne Peters<br \/>\nMusik:\u00a0<a href=\"http:\/\/profile.myspace.com\/index.cfm?fuseaction=user.viewprofile&amp;friendid=42036000\" target=\"_blank\">Aera Elleph <\/a><br \/>\nFormat: P2 HD 1080i<br \/>\nSupport: Chiemsee, Scandlines, Panasonic<\/p>\n<p><a href=\"http:\/\/profile.myspace.com\/index.cfm?fuseaction=user.viewprofile&amp;friendid=42036000\" target=\"_blank\"><\/a><\/p>\n<p>weitere Ver\u00f6ffentlichungen:<\/p>\n<p><a title=\"Youtube\" href=\"http:\/\/www.youtube.com\/watch?v=tf8ZAt1xQSI&amp;feature=PlayList&amp;p=A65215B47A6A9F8C&amp;index=0\" target=\"_blank\">www..youtube.com<\/a><\/p>\n<p><a title=\"der Ostsee - Fullscreen\" href=\"http:\/\/www.dailydose.tv\/derostsee-hd-low.htm\" target=\"_blank\">www.dailydose.tv<\/a><\/p>\n<p><a title=\"Windsurfersmag\" href=\"http:\/\/www.windsurfersmag.de\/cgi-bin\/adframe\/news\/article.html?ADFRAME_MCMS_ID=541&amp;id=122215925721723884919035\" target=\"_blank\">www.windsurfersmag.de<\/a><\/p>\n<p><a title=\"Stehsegelrevue\" href=\"http:\/\/www.stehsegelrevue.com\/surf-channel\/video.cgi?action=show_vid&amp;id=20552\" target=\"_blank\">www.stehsegelrevue.com<\/a><\/p>\n<p><a title=\"broadbandsports\" href=\"http:\/\/www.broadbandsports.com\/node\/19664\" target=\"_blank\">www.broadbandsports.com<\/a><\/p>\n<p><a title=\"dailymotion\" href=\"http:\/\/www.dailymotion.com\/rekordtv\" target=\"_blank\">www.dailymotion.com<\/a><\/p>\n","protected":false},"excerpt":{"rendered":"<p>Zum wiederholten Male machten sich Klaas Voget, Henning Nockel und Barne Peters auf in die D\u00e4nische Ostsee, diesmal hatten sie mehr Gl\u00fcck: 6-7 Windst\u00e4rken, bis zu 2,5 Meter Welle und 18 Minuten Sonnenschein. Optimale Bedingungen f\u00fcr Klaas, sich f\u00fcr den Worlldcup Sylt vorzubereiten. Windsurfer:\u00a0Klaas Voget Kamera und Schnitt: Barne Peters Musik:\u00a0Aera Elleph Format: P2 HD [&hellip;]<\/p>\n","protected":false},"author":1,"featured_media":0,"comment_status":"closed","ping_status":"open","sticky":false,"template":"","format":"standard","meta":{"footnotes":""},"categories":[11,1],"tags":[65,106],"_links":{"self":[{"href":"http:\/\/barnepeters.de\/index.php?rest_route=\/wp\/v2\/posts\/715"}],"collection":[{"href":"http:\/\/barnepeters.de\/index.php?rest_route=\/wp\/v2\/posts"}],"about":[{"href":"http:\/\/barnepeters.de\/index.php?rest_route=\/wp\/v2\/types\/post"}],"author":[{"embeddable":true,"href":"http:\/\/barnepeters.de\/index.php?rest_route=\/wp\/v2\/users\/1"}],"replies":[{"embeddable":true,"href":"http:\/\/barnepeters.de\/index.php?rest_route=%2Fwp%2Fv2%2Fcomments&post=715"}],"version-history":[{"count":0,"href":"http:\/\/barnepeters.de\/index.php?rest_route=\/wp\/v2\/posts\/715\/revisions"}],"wp:attachment":[{"href":"http:\/\/barnepeters.de\/index.php?rest_route=%2Fwp%2Fv2%2Fmedia&parent=715"}],"wp:term":[{"taxonomy":"category","embeddable":true,"href":"http:\/\/barnepeters.de\/index.php?rest_route=%2Fwp%2Fv2%2Fcategories&post=715"},{"taxonomy":"post_tag","embeddable":true,"href":"http:\/\/barnepeters.de\/index.php?rest_route=%2Fwp%2Fv2%2Ftags&post=715"}],"curies":[{"name":"wp","href":"https:\/\/api.w.org\/{rel}","templated":true}]}}