{"id":960,"date":"2008-12-16T15:59:19","date_gmt":"2008-12-16T13:59:19","guid":{"rendered":"http:\/\/www.barnepeters.de\/?p=960"},"modified":"2008-12-16T15:59:19","modified_gmt":"2008-12-16T13:59:19","slug":"windsurfing-chile-november-sessions-1","status":"publish","type":"post","link":"http:\/\/barnepeters.de\/?p=960","title":{"rendered":"Surfclip: November Sessions in Chile"},"content":{"rendered":"<p><object width=\"589\" height=\"356\" data=\"http:\/\/www.youtube.com\/v\/NkPsmNuDKl8\" type=\"application\/x-shockwave-flash\"><param name=\"src\" value=\"http:\/\/www.youtube.com\/v\/NkPsmNuDKl8\" \/><\/object><\/p>\n<p>download bei Vimeo: <a href=\"http:\/\/vimeo.com\/download\/video:759254?v=2&amp;e=1244244621&amp;h=7f7ce07d8ab0c34011de0e860dba6bbc&amp;uh=69e9fde0d8c8b1c98be5adc726dbdc97\" target=\"_blank\">Quicktime \/ 960 x 540 Pixel \/ 141 MB<\/a><\/p>\n<p>Die Worldcup-Profis <a href=\"http:\/\/klaasvoget.com\/\" target=\"_blank\">Klaas Voget<\/a> und <a href=\"http:\/\/www.victore42.com\/\" target=\"_blank\">Victor Fernandez<\/a> verbrachten mehrere Wochen in Chile, um f\u00fcr die kommende Saison zu trainieren. Barne Peters begleitete sie 3 Wochen mit der Kamera. Die entstandenen Videoaufnahmen werden gr\u00f6\u00dftenteils  auf der  n\u00e4chsten Fanatic DVD \u201cAddicted to Ride\u201d ver\u00f6ffentlicht diesen Sommer.<\/p>\n<p>Wir bedanken uns bei Fanatic, Chiemsee, <span class=\"description\"> Simmer, Powerbar, El Ejido, ION, MFC, Panasonic, die diese Aufnahmen m\u00f6glich gemacht haben.<\/span><\/p>\n<p><span class=\"description\"><\/p>\n<p><\/span><\/p>\n<p>Windsurfer: Klaas Voget, Victor Fernandez<\/p>\n<p>Format: P2 HD \/ 1080p<\/p>\n<p>Kamera &amp; Schnitt: Barne Peters<\/p>\n","protected":false},"excerpt":{"rendered":"<p>download bei Vimeo: Quicktime \/ 960 x 540 Pixel \/ 141 MB Die Worldcup-Profis Klaas Voget und Victor Fernandez verbrachten mehrere Wochen in Chile, um f\u00fcr die kommende Saison zu trainieren. Barne Peters begleitete sie 3 Wochen mit der Kamera. Die entstandenen Videoaufnahmen werden gr\u00f6\u00dftenteils auf der n\u00e4chsten Fanatic DVD \u201cAddicted to Ride\u201d ver\u00f6ffentlicht diesen [&hellip;]<\/p>\n","protected":false},"author":1,"featured_media":0,"comment_status":"closed","ping_status":"open","sticky":false,"template":"","format":"standard","meta":{"footnotes":""},"categories":[11,1],"tags":[21,86,102,106],"_links":{"self":[{"href":"http:\/\/barnepeters.de\/index.php?rest_route=\/wp\/v2\/posts\/960"}],"collection":[{"href":"http:\/\/barnepeters.de\/index.php?rest_route=\/wp\/v2\/posts"}],"about":[{"href":"http:\/\/barnepeters.de\/index.php?rest_route=\/wp\/v2\/types\/post"}],"author":[{"embeddable":true,"href":"http:\/\/barnepeters.de\/index.php?rest_route=\/wp\/v2\/users\/1"}],"replies":[{"embeddable":true,"href":"http:\/\/barnepeters.de\/index.php?rest_route=%2Fwp%2Fv2%2Fcomments&post=960"}],"version-history":[{"count":0,"href":"http:\/\/barnepeters.de\/index.php?rest_route=\/wp\/v2\/posts\/960\/revisions"}],"wp:attachment":[{"href":"http:\/\/barnepeters.de\/index.php?rest_route=%2Fwp%2Fv2%2Fmedia&parent=960"}],"wp:term":[{"taxonomy":"category","embeddable":true,"href":"http:\/\/barnepeters.de\/index.php?rest_route=%2Fwp%2Fv2%2Fcategories&post=960"},{"taxonomy":"post_tag","embeddable":true,"href":"http:\/\/barnepeters.de\/index.php?rest_route=%2Fwp%2Fv2%2Ftags&post=960"}],"curies":[{"name":"wp","href":"https:\/\/api.w.org\/{rel}","templated":true}]}}